{"id":756,"date":"2026-01-29T13:27:30","date_gmt":"2026-01-29T13:27:30","guid":{"rendered":"https:\/\/freizeitradar.de\/blog\/?p=756"},"modified":"2026-01-29T13:27:30","modified_gmt":"2026-01-29T13:27:30","slug":"natuerliche-lebensmittelfarben-farbenfroh-und-vertraeglich-backen","status":"publish","type":"post","link":"https:\/\/freizeitradar.de\/blog\/natuerliche-lebensmittelfarben-farbenfroh-und-vertraeglich-backen\/","title":{"rendered":"Nat\u00fcrliche Lebensmittelfarben: Farbenfroh und vertr\u00e4glich backen"},"content":{"rendered":"<p>Farbe bringt Freude auf den Kuchenteller. Ob pastellfarbene Tortencremes, leuchtende Cupcake-Toppings oder farbige Biskuitb\u00f6den: In der modernen Backwelt spielen Lebensmittelfarben eine wichtige Rolle. Doch viele B\u00e4cker und Konditoren suchen nach Alternativen zu synthetischen Produkten. Hier bieten nat\u00fcrliche Lebensmittelfarben eine attraktive L\u00f6sung. Wer <a href=\"https:\/\/www.baktotaal.de\/rohstoffe-und-zutaten\/lebensmittelfarbe\/naturliche-lebensmittelfarben\">Geb\u00e4ck mit nat\u00fcrlichen Farben<\/a><br \/>\ngestalten m\u00f6chte, setzt auf Zutaten, die auf Frucht-, Pflanzen- oder Gem\u00fcsebasis hergestellt sind.<\/p>\n<div id=\"ez-toc-container\" class=\"ez-toc-v2_0_82_2 counter-hierarchy ez-toc-counter ez-toc-light-blue ez-toc-container-direction\">\n<div class=\"ez-toc-title-container\">\n<p class=\"ez-toc-title\" style=\"cursor:inherit\">Inhaltsverzeichnis<\/p>\n<span class=\"ez-toc-title-toggle\"><a href=\"#\" class=\"ez-toc-pull-right ez-toc-btn ez-toc-btn-xs ez-toc-btn-default ez-toc-toggle\" aria-label=\"Toggle Table of Content\"><span class=\"ez-toc-js-icon-con\"><span class=\"\"><span class=\"eztoc-hide\" style=\"display:none;\">Toggle<\/span><span class=\"ez-toc-icon-toggle-span\"><svg style=\"fill: #999;color:#999\" xmlns=\"http:\/\/www.w3.org\/2000\/svg\" class=\"list-377408\" width=\"20px\" height=\"20px\" viewBox=\"0 0 24 24\" fill=\"none\"><path d=\"M6 6H4v2h2V6zm14 0H8v2h12V6zM4 11h2v2H4v-2zm16 0H8v2h12v-2zM4 16h2v2H4v-2zm16 0H8v2h12v-2z\" fill=\"currentColor\"><\/path><\/svg><svg style=\"fill: #999;color:#999\" class=\"arrow-unsorted-368013\" xmlns=\"http:\/\/www.w3.org\/2000\/svg\" width=\"10px\" height=\"10px\" viewBox=\"0 0 24 24\" version=\"1.2\" baseProfile=\"tiny\"><path d=\"M18.2 9.3l-6.2-6.3-6.2 6.3c-.2.2-.3.4-.3.7s.1.5.3.7c.2.2.4.3.7.3h11c.3 0 .5-.1.7-.3.2-.2.3-.5.3-.7s-.1-.5-.3-.7zM5.8 14.7l6.2 6.3 6.2-6.3c.2-.2.3-.5.3-.7s-.1-.5-.3-.7c-.2-.2-.4-.3-.7-.3h-11c-.3 0-.5.1-.7.3-.2.2-.3.5-.3.7s.1.5.3.7z\"\/><\/svg><\/span><\/span><\/span><\/a><\/span><\/div>\n<nav><ul class='ez-toc-list ez-toc-list-level-1 ' ><li class='ez-toc-page-1 ez-toc-heading-level-3'><a class=\"ez-toc-link ez-toc-heading-1\" href=\"https:\/\/freizeitradar.de\/blog\/natuerliche-lebensmittelfarben-farbenfroh-und-vertraeglich-backen\/#Wofuer_werden_natuerliche_Lebensmittelfarben_verwendet\" >Wof\u00fcr werden nat\u00fcrliche Lebensmittelfarben verwendet?<\/a><\/li><li class='ez-toc-page-1 ez-toc-heading-level-3'><a class=\"ez-toc-link ez-toc-heading-2\" href=\"https:\/\/freizeitradar.de\/blog\/natuerliche-lebensmittelfarben-farbenfroh-und-vertraeglich-backen\/#Vorteile_und_Herausforderungen\" >Vorteile und Herausforderungen<\/a><\/li><li class='ez-toc-page-1 ez-toc-heading-level-3'><a class=\"ez-toc-link ez-toc-heading-3\" href=\"https:\/\/freizeitradar.de\/blog\/natuerliche-lebensmittelfarben-farbenfroh-und-vertraeglich-backen\/#Sortiment_bei_Baktotaal\" >Sortiment bei Baktotaal<\/a><\/li><\/ul><\/nav><\/div>\n<h3><span class=\"ez-toc-section\" id=\"Wofuer_werden_natuerliche_Lebensmittelfarben_verwendet\"><\/span>Wof\u00fcr werden nat\u00fcrliche Lebensmittelfarben verwendet?<span class=\"ez-toc-section-end\"><\/span><\/h3>\n<p>Nat\u00fcrliche Farben kommen bei vielen Backwaren zum Einsatz: in Cremes, Teigen, Glasuren oder auch Dekorationen. Besonders beliebt sind sie bei Motivtorten, Cupcakes oder saisonalen Geb\u00e4cken wie Osterpl\u00e4tzchen oder Weihnachtskeksen. Die Farbwirkung ist oft sanfter als bei synthetischen Varianten, daf\u00fcr wirken die Ergebnisse nat\u00fcrlicher und harmonischer.<\/p>\n<p>Typische Grundstoffe sind Rote Bete, Spinat, Spirulina, Kurkuma oder Karottensaft. Daraus entstehen Farbt\u00f6ne wie Rosa, Gr\u00fcn, Gelb oder Orange, die sich gut miteinander kombinieren lassen. Wichtig ist die Auswahl entsprechend dem geplanten Geb\u00e4ck, denn einige Farben reagieren empfindlich auf Hitze oder Licht.<\/p>\n<h3><span class=\"ez-toc-section\" id=\"Vorteile_und_Herausforderungen\"><\/span>Vorteile und Herausforderungen<span class=\"ez-toc-section-end\"><\/span><\/h3>\n<p>Ein gro\u00dfer Vorteil nat\u00fcrlicher Lebensmittelfarben liegt in ihrer besseren Vertr\u00e4glichkeit. Sie enthalten keine chemischen Zusatzstoffe und sind daher f\u00fcr viele Zielgruppen geeignet, etwa f\u00fcr Kinder oder Allergiker. Auch im Hinblick auf Nachhaltigkeit und Umweltfreundlichkeit schneiden sie besser ab.<\/p>\n<p>Allerdings sind sie weniger intensiv in der Farbwirkung, was bei bestimmten Anwendungen ein Nachteil sein kann. Zudem k\u00f6nnen nat\u00fcrliche Farbstoffe im Laufe der Lagerung verblassen oder bei Kontakt mit Hitze ihre Farbintensit\u00e4t verlieren. Wer damit arbeitet, sollte stets frisch anr\u00fchren und die Dosierung sorgf\u00e4ltig abstimmen. Auch die Kombination verschiedener Farben kann zu interessanten Ergebnissen f\u00fchren, ohne dabei auf synthetische Hilfsmittel zur\u00fcckzugreifen.<\/p>\n<h3><span class=\"ez-toc-section\" id=\"Sortiment_bei_Baktotaal\"><\/span>Sortiment bei Baktotaal<span class=\"ez-toc-section-end\"><\/span><\/h3>\n<p>Im <a href=\"https:\/\/www.baktotaal.de\/\">Online-Shop f\u00fcr Backzubeh\u00f6r<\/a> von Baktotaal finden sich zahlreiche nat\u00fcrliche Lebensmittelfarben in fl\u00fcssiger oder pulverisierter Form. Die Produkte sind f\u00fcr den professionellen Einsatz konzipiert und lassen sich in Sahne, Fondant, Kuvert\u00fcre oder Teigen gut verarbeiten. Auch Sets mit mehreren Farben sind erh\u00e4ltlich, um verschiedene Farbt\u00f6ne je nach Anlass kombinieren zu k\u00f6nnen.<\/p>\n<p>Erg\u00e4nzt wird das Angebot durch Zubeh\u00f6r wie Spritzbeutel, R\u00fchrsch\u00fcsseln und Werkzeuge zur Dekoration. Wer nicht nur backen, sondern auch kreativ gestalten m\u00f6chte, findet bei Baktotaal zahlreiche Produkte, um nat\u00fcrliche Farbe ins Geb\u00e4ck zu bringen. Auch f\u00fcr Workshops, Kurse oder Kindergeburtstage bieten die Farben eine spannende M\u00f6glichkeit, Backen spielerisch zu gestalten und gleichzeitig auf nat\u00fcrliche Zutaten zu setzen.<\/p>\n","protected":false},"excerpt":{"rendered":"<p>Farbe bringt Freude auf den Kuchenteller. Ob pastellfarbene Tortencremes, leuchtende Cupcake-Toppings oder farbige Biskuitb\u00f6den: In der modernen Backwelt spielen Lebensmittelfarben eine wichtige Rolle. Doch viele B\u00e4cker und Konditoren suchen nach Alternativen zu synthetischen Produkten. Hier bieten nat\u00fcrliche Lebensmittelfarben eine attraktive L\u00f6sung. Wer Geb\u00e4ck mit nat\u00fcrlichen Farben gestalten m\u00f6chte, setzt auf Zutaten, die auf Frucht-, Pflanzen- &hellip;<\/p>\n<p class=\"read-more\"> <a class=\"\" href=\"https:\/\/freizeitradar.de\/blog\/natuerliche-lebensmittelfarben-farbenfroh-und-vertraeglich-backen\/\"> <span class=\"screen-reader-text\">Nat\u00fcrliche Lebensmittelfarben: Farbenfroh und vertr\u00e4glich backen<\/span> Weiterlesen &raquo;<\/a><\/p>\n","protected":false},"author":3,"featured_media":757,"comment_status":"closed","ping_status":"closed","sticky":false,"template":"","format":"standard","meta":{"_yoast_wpseo_focuskw":"","_yoast_wpseo_title":"","_yoast_wpseo_metadesc":"","ilj_linkdefinition":[],"rank_math_focus_keyword":"","rank_math_description":"","rank_math_title":"","site-sidebar-layout":"default","site-content-layout":"default","ast-global-header-display":"","ast-main-header-display":"","ast-hfb-above-header-display":"","ast-hfb-below-header-display":"","ast-hfb-mobile-header-display":"","site-post-title":"","ast-breadcrumbs-content":"","ast-featured-img":"","footer-sml-layout":"","theme-transparent-header-meta":"default","adv-header-id-meta":"","stick-header-meta":"","header-above-stick-meta":"","header-main-stick-meta":"","header-below-stick-meta":"","footnotes":""},"categories":[3],"tags":[],"class_list":["post-756","post","type-post","status-publish","format-standard","has-post-thumbnail","hentry","category-hobbys"],"yoast_head":"<!-- This site is optimized with the Yoast SEO plugin v27.5 - https:\/\/yoast.com\/product\/yoast-seo-wordpress\/ -->\n<title>Nat\u00fcrliche Lebensmittelfarben: Farbenfroh und vertr\u00e4glich backen - Freizeitradar Blog<\/title>\n<meta name=\"robots\" content=\"index, follow, max-snippet:-1, max-image-preview:large, max-video-preview:-1\" \/>\n<link rel=\"canonical\" href=\"https:\/\/freizeitradar.de\/blog\/natuerliche-lebensmittelfarben-farbenfroh-und-vertraeglich-backen\/\" \/>\n<meta property=\"og:locale\" content=\"de_DE\" \/>\n<meta property=\"og:type\" content=\"article\" \/>\n<meta property=\"og:title\" content=\"Nat\u00fcrliche Lebensmittelfarben: Farbenfroh und vertr\u00e4glich backen - Freizeitradar Blog\" \/>\n<meta property=\"og:description\" content=\"Farbe bringt Freude auf den Kuchenteller. Ob pastellfarbene Tortencremes, leuchtende Cupcake-Toppings oder farbige Biskuitb\u00f6den: In der modernen Backwelt spielen Lebensmittelfarben eine wichtige Rolle. Doch viele B\u00e4cker und Konditoren suchen nach Alternativen zu synthetischen Produkten. Hier bieten nat\u00fcrliche Lebensmittelfarben eine attraktive L\u00f6sung. Wer Geb\u00e4ck mit nat\u00fcrlichen Farben gestalten m\u00f6chte, setzt auf Zutaten, die auf Frucht-, Pflanzen- &hellip; Nat\u00fcrliche Lebensmittelfarben: Farbenfroh und vertr\u00e4glich backen Weiterlesen &raquo;\" \/>\n<meta property=\"og:url\" content=\"https:\/\/freizeitradar.de\/blog\/natuerliche-lebensmittelfarben-farbenfroh-und-vertraeglich-backen\/\" \/>\n<meta property=\"og:site_name\" content=\"Freizeitradar Blog\" \/>\n<meta property=\"article:published_time\" content=\"2026-01-29T13:27:30+00:00\" \/>\n<meta property=\"og:image\" content=\"https:\/\/freizeitradar.de\/blog\/wp-content\/uploads\/2026\/01\/pexels-vo-thuy-tien-248787-2536967.jpg\" \/>\n\t<meta property=\"og:image:width\" content=\"640\" \/>\n\t<meta property=\"og:image:height\" content=\"422\" \/>\n\t<meta property=\"og:image:type\" content=\"image\/jpeg\" \/>\n<meta name=\"author\" content=\"Outdoor Radar Team\" \/>\n<meta name=\"twitter:card\" content=\"summary_large_image\" \/>\n<meta name=\"twitter:label1\" content=\"Verfasst von\" \/>\n\t<meta name=\"twitter:data1\" content=\"Outdoor Radar Team\" \/>\n\t<meta name=\"twitter:label2\" content=\"Gesch\u00e4tzte Lesezeit\" \/>\n\t<meta name=\"twitter:data2\" content=\"3\u00a0Minuten\" \/>\n<script type=\"application\/ld+json\" class=\"yoast-schema-graph\">{\"@context\":\"https:\\\/\\\/schema.org\",\"@graph\":[{\"@type\":\"Article\",\"@id\":\"https:\\\/\\\/freizeitradar.de\\\/blog\\\/natuerliche-lebensmittelfarben-farbenfroh-und-vertraeglich-backen\\\/#article\",\"isPartOf\":{\"@id\":\"https:\\\/\\\/freizeitradar.de\\\/blog\\\/natuerliche-lebensmittelfarben-farbenfroh-und-vertraeglich-backen\\\/\"},\"author\":{\"name\":\"Outdoor Radar Team\",\"@id\":\"https:\\\/\\\/freizeitradar.de\\\/blog\\\/#\\\/schema\\\/person\\\/08e3d9708344a875e828fe01e75de3fd\"},\"headline\":\"Nat\u00fcrliche Lebensmittelfarben: Farbenfroh und vertr\u00e4glich backen\",\"datePublished\":\"2026-01-29T13:27:30+00:00\",\"mainEntityOfPage\":{\"@id\":\"https:\\\/\\\/freizeitradar.de\\\/blog\\\/natuerliche-lebensmittelfarben-farbenfroh-und-vertraeglich-backen\\\/\"},\"wordCount\":421,\"publisher\":{\"@id\":\"https:\\\/\\\/freizeitradar.de\\\/blog\\\/#organization\"},\"image\":{\"@id\":\"https:\\\/\\\/freizeitradar.de\\\/blog\\\/natuerliche-lebensmittelfarben-farbenfroh-und-vertraeglich-backen\\\/#primaryimage\"},\"thumbnailUrl\":\"https:\\\/\\\/freizeitradar.de\\\/blog\\\/wp-content\\\/uploads\\\/2026\\\/01\\\/pexels-vo-thuy-tien-248787-2536967.jpg\",\"articleSection\":[\"Hobbys\"],\"inLanguage\":\"de\"},{\"@type\":\"WebPage\",\"@id\":\"https:\\\/\\\/freizeitradar.de\\\/blog\\\/natuerliche-lebensmittelfarben-farbenfroh-und-vertraeglich-backen\\\/\",\"url\":\"https:\\\/\\\/freizeitradar.de\\\/blog\\\/natuerliche-lebensmittelfarben-farbenfroh-und-vertraeglich-backen\\\/\",\"name\":\"Nat\u00fcrliche Lebensmittelfarben: Farbenfroh und vertr\u00e4glich backen - Freizeitradar Blog\",\"isPartOf\":{\"@id\":\"https:\\\/\\\/freizeitradar.de\\\/blog\\\/#website\"},\"primaryImageOfPage\":{\"@id\":\"https:\\\/\\\/freizeitradar.de\\\/blog\\\/natuerliche-lebensmittelfarben-farbenfroh-und-vertraeglich-backen\\\/#primaryimage\"},\"image\":{\"@id\":\"https:\\\/\\\/freizeitradar.de\\\/blog\\\/natuerliche-lebensmittelfarben-farbenfroh-und-vertraeglich-backen\\\/#primaryimage\"},\"thumbnailUrl\":\"https:\\\/\\\/freizeitradar.de\\\/blog\\\/wp-content\\\/uploads\\\/2026\\\/01\\\/pexels-vo-thuy-tien-248787-2536967.jpg\",\"datePublished\":\"2026-01-29T13:27:30+00:00\",\"breadcrumb\":{\"@id\":\"https:\\\/\\\/freizeitradar.de\\\/blog\\\/natuerliche-lebensmittelfarben-farbenfroh-und-vertraeglich-backen\\\/#breadcrumb\"},\"inLanguage\":\"de\",\"potentialAction\":[{\"@type\":\"ReadAction\",\"target\":[\"https:\\\/\\\/freizeitradar.de\\\/blog\\\/natuerliche-lebensmittelfarben-farbenfroh-und-vertraeglich-backen\\\/\"]}]},{\"@type\":\"ImageObject\",\"inLanguage\":\"de\",\"@id\":\"https:\\\/\\\/freizeitradar.de\\\/blog\\\/natuerliche-lebensmittelfarben-farbenfroh-und-vertraeglich-backen\\\/#primaryimage\",\"url\":\"https:\\\/\\\/freizeitradar.de\\\/blog\\\/wp-content\\\/uploads\\\/2026\\\/01\\\/pexels-vo-thuy-tien-248787-2536967.jpg\",\"contentUrl\":\"https:\\\/\\\/freizeitradar.de\\\/blog\\\/wp-content\\\/uploads\\\/2026\\\/01\\\/pexels-vo-thuy-tien-248787-2536967.jpg\",\"width\":640,\"height\":422},{\"@type\":\"BreadcrumbList\",\"@id\":\"https:\\\/\\\/freizeitradar.de\\\/blog\\\/natuerliche-lebensmittelfarben-farbenfroh-und-vertraeglich-backen\\\/#breadcrumb\",\"itemListElement\":[{\"@type\":\"ListItem\",\"position\":1,\"name\":\"Startseite\",\"item\":\"https:\\\/\\\/freizeitradar.de\\\/blog\\\/\"},{\"@type\":\"ListItem\",\"position\":2,\"name\":\"Nat\u00fcrliche Lebensmittelfarben: Farbenfroh und vertr\u00e4glich backen\"}]},{\"@type\":\"WebSite\",\"@id\":\"https:\\\/\\\/freizeitradar.de\\\/blog\\\/#website\",\"url\":\"https:\\\/\\\/freizeitradar.de\\\/blog\\\/\",\"name\":\"Freizeitradar Blog\",\"description\":\"\",\"publisher\":{\"@id\":\"https:\\\/\\\/freizeitradar.de\\\/blog\\\/#organization\"},\"potentialAction\":[{\"@type\":\"SearchAction\",\"target\":{\"@type\":\"EntryPoint\",\"urlTemplate\":\"https:\\\/\\\/freizeitradar.de\\\/blog\\\/?s={search_term_string}\"},\"query-input\":{\"@type\":\"PropertyValueSpecification\",\"valueRequired\":true,\"valueName\":\"search_term_string\"}}],\"inLanguage\":\"de\"},{\"@type\":\"Organization\",\"@id\":\"https:\\\/\\\/freizeitradar.de\\\/blog\\\/#organization\",\"name\":\"Freizeitradar Blog\",\"url\":\"https:\\\/\\\/freizeitradar.de\\\/blog\\\/\",\"logo\":{\"@type\":\"ImageObject\",\"inLanguage\":\"de\",\"@id\":\"https:\\\/\\\/freizeitradar.de\\\/blog\\\/#\\\/schema\\\/logo\\\/image\\\/\",\"url\":\"https:\\\/\\\/freizeitradar.de\\\/blog\\\/wp-content\\\/uploads\\\/2023\\\/01\\\/flight-gb8061d846_640.png\",\"contentUrl\":\"https:\\\/\\\/freizeitradar.de\\\/blog\\\/wp-content\\\/uploads\\\/2023\\\/01\\\/flight-gb8061d846_640.png\",\"width\":450,\"height\":640,\"caption\":\"Freizeitradar Blog\"},\"image\":{\"@id\":\"https:\\\/\\\/freizeitradar.de\\\/blog\\\/#\\\/schema\\\/logo\\\/image\\\/\"}},{\"@type\":\"Person\",\"@id\":\"https:\\\/\\\/freizeitradar.de\\\/blog\\\/#\\\/schema\\\/person\\\/08e3d9708344a875e828fe01e75de3fd\",\"name\":\"Outdoor Radar Team\",\"image\":{\"@type\":\"ImageObject\",\"inLanguage\":\"de\",\"@id\":\"https:\\\/\\\/secure.gravatar.com\\\/avatar\\\/2ee06565b47fedda00096bb2587367e1db4bc8643af18ed89aef49b8092e49bc?s=96&d=mm&r=g\",\"url\":\"https:\\\/\\\/secure.gravatar.com\\\/avatar\\\/2ee06565b47fedda00096bb2587367e1db4bc8643af18ed89aef49b8092e49bc?s=96&d=mm&r=g\",\"contentUrl\":\"https:\\\/\\\/secure.gravatar.com\\\/avatar\\\/2ee06565b47fedda00096bb2587367e1db4bc8643af18ed89aef49b8092e49bc?s=96&d=mm&r=g\",\"caption\":\"Outdoor Radar Team\"},\"url\":\"https:\\\/\\\/freizeitradar.de\\\/blog\\\/author\\\/jnfgg6d\\\/\"}]}<\/script>\n<!-- \/ Yoast SEO plugin. -->","yoast_head_json":{"title":"Nat\u00fcrliche Lebensmittelfarben: Farbenfroh und vertr\u00e4glich backen - Freizeitradar Blog","robots":{"index":"index","follow":"follow","max-snippet":"max-snippet:-1","max-image-preview":"max-image-preview:large","max-video-preview":"max-video-preview:-1"},"canonical":"https:\/\/freizeitradar.de\/blog\/natuerliche-lebensmittelfarben-farbenfroh-und-vertraeglich-backen\/","og_locale":"de_DE","og_type":"article","og_title":"Nat\u00fcrliche Lebensmittelfarben: Farbenfroh und vertr\u00e4glich backen - Freizeitradar Blog","og_description":"Farbe bringt Freude auf den Kuchenteller. Ob pastellfarbene Tortencremes, leuchtende Cupcake-Toppings oder farbige Biskuitb\u00f6den: In der modernen Backwelt spielen Lebensmittelfarben eine wichtige Rolle. Doch viele B\u00e4cker und Konditoren suchen nach Alternativen zu synthetischen Produkten. Hier bieten nat\u00fcrliche Lebensmittelfarben eine attraktive L\u00f6sung. Wer Geb\u00e4ck mit nat\u00fcrlichen Farben gestalten m\u00f6chte, setzt auf Zutaten, die auf Frucht-, Pflanzen- &hellip; Nat\u00fcrliche Lebensmittelfarben: Farbenfroh und vertr\u00e4glich backen Weiterlesen &raquo;","og_url":"https:\/\/freizeitradar.de\/blog\/natuerliche-lebensmittelfarben-farbenfroh-und-vertraeglich-backen\/","og_site_name":"Freizeitradar Blog","article_published_time":"2026-01-29T13:27:30+00:00","og_image":[{"width":640,"height":422,"url":"https:\/\/freizeitradar.de\/blog\/wp-content\/uploads\/2026\/01\/pexels-vo-thuy-tien-248787-2536967.jpg","type":"image\/jpeg"}],"author":"Outdoor Radar Team","twitter_card":"summary_large_image","twitter_misc":{"Verfasst von":"Outdoor Radar Team","Gesch\u00e4tzte Lesezeit":"3\u00a0Minuten"},"schema":{"@context":"https:\/\/schema.org","@graph":[{"@type":"Article","@id":"https:\/\/freizeitradar.de\/blog\/natuerliche-lebensmittelfarben-farbenfroh-und-vertraeglich-backen\/#article","isPartOf":{"@id":"https:\/\/freizeitradar.de\/blog\/natuerliche-lebensmittelfarben-farbenfroh-und-vertraeglich-backen\/"},"author":{"name":"Outdoor Radar Team","@id":"https:\/\/freizeitradar.de\/blog\/#\/schema\/person\/08e3d9708344a875e828fe01e75de3fd"},"headline":"Nat\u00fcrliche Lebensmittelfarben: Farbenfroh und vertr\u00e4glich backen","datePublished":"2026-01-29T13:27:30+00:00","mainEntityOfPage":{"@id":"https:\/\/freizeitradar.de\/blog\/natuerliche-lebensmittelfarben-farbenfroh-und-vertraeglich-backen\/"},"wordCount":421,"publisher":{"@id":"https:\/\/freizeitradar.de\/blog\/#organization"},"image":{"@id":"https:\/\/freizeitradar.de\/blog\/natuerliche-lebensmittelfarben-farbenfroh-und-vertraeglich-backen\/#primaryimage"},"thumbnailUrl":"https:\/\/freizeitradar.de\/blog\/wp-content\/uploads\/2026\/01\/pexels-vo-thuy-tien-248787-2536967.jpg","articleSection":["Hobbys"],"inLanguage":"de"},{"@type":"WebPage","@id":"https:\/\/freizeitradar.de\/blog\/natuerliche-lebensmittelfarben-farbenfroh-und-vertraeglich-backen\/","url":"https:\/\/freizeitradar.de\/blog\/natuerliche-lebensmittelfarben-farbenfroh-und-vertraeglich-backen\/","name":"Nat\u00fcrliche Lebensmittelfarben: Farbenfroh und vertr\u00e4glich backen - Freizeitradar Blog","isPartOf":{"@id":"https:\/\/freizeitradar.de\/blog\/#website"},"primaryImageOfPage":{"@id":"https:\/\/freizeitradar.de\/blog\/natuerliche-lebensmittelfarben-farbenfroh-und-vertraeglich-backen\/#primaryimage"},"image":{"@id":"https:\/\/freizeitradar.de\/blog\/natuerliche-lebensmittelfarben-farbenfroh-und-vertraeglich-backen\/#primaryimage"},"thumbnailUrl":"https:\/\/freizeitradar.de\/blog\/wp-content\/uploads\/2026\/01\/pexels-vo-thuy-tien-248787-2536967.jpg","datePublished":"2026-01-29T13:27:30+00:00","breadcrumb":{"@id":"https:\/\/freizeitradar.de\/blog\/natuerliche-lebensmittelfarben-farbenfroh-und-vertraeglich-backen\/#breadcrumb"},"inLanguage":"de","potentialAction":[{"@type":"ReadAction","target":["https:\/\/freizeitradar.de\/blog\/natuerliche-lebensmittelfarben-farbenfroh-und-vertraeglich-backen\/"]}]},{"@type":"ImageObject","inLanguage":"de","@id":"https:\/\/freizeitradar.de\/blog\/natuerliche-lebensmittelfarben-farbenfroh-und-vertraeglich-backen\/#primaryimage","url":"https:\/\/freizeitradar.de\/blog\/wp-content\/uploads\/2026\/01\/pexels-vo-thuy-tien-248787-2536967.jpg","contentUrl":"https:\/\/freizeitradar.de\/blog\/wp-content\/uploads\/2026\/01\/pexels-vo-thuy-tien-248787-2536967.jpg","width":640,"height":422},{"@type":"BreadcrumbList","@id":"https:\/\/freizeitradar.de\/blog\/natuerliche-lebensmittelfarben-farbenfroh-und-vertraeglich-backen\/#breadcrumb","itemListElement":[{"@type":"ListItem","position":1,"name":"Startseite","item":"https:\/\/freizeitradar.de\/blog\/"},{"@type":"ListItem","position":2,"name":"Nat\u00fcrliche Lebensmittelfarben: Farbenfroh und vertr\u00e4glich backen"}]},{"@type":"WebSite","@id":"https:\/\/freizeitradar.de\/blog\/#website","url":"https:\/\/freizeitradar.de\/blog\/","name":"Freizeitradar Blog","description":"","publisher":{"@id":"https:\/\/freizeitradar.de\/blog\/#organization"},"potentialAction":[{"@type":"SearchAction","target":{"@type":"EntryPoint","urlTemplate":"https:\/\/freizeitradar.de\/blog\/?s={search_term_string}"},"query-input":{"@type":"PropertyValueSpecification","valueRequired":true,"valueName":"search_term_string"}}],"inLanguage":"de"},{"@type":"Organization","@id":"https:\/\/freizeitradar.de\/blog\/#organization","name":"Freizeitradar Blog","url":"https:\/\/freizeitradar.de\/blog\/","logo":{"@type":"ImageObject","inLanguage":"de","@id":"https:\/\/freizeitradar.de\/blog\/#\/schema\/logo\/image\/","url":"https:\/\/freizeitradar.de\/blog\/wp-content\/uploads\/2023\/01\/flight-gb8061d846_640.png","contentUrl":"https:\/\/freizeitradar.de\/blog\/wp-content\/uploads\/2023\/01\/flight-gb8061d846_640.png","width":450,"height":640,"caption":"Freizeitradar Blog"},"image":{"@id":"https:\/\/freizeitradar.de\/blog\/#\/schema\/logo\/image\/"}},{"@type":"Person","@id":"https:\/\/freizeitradar.de\/blog\/#\/schema\/person\/08e3d9708344a875e828fe01e75de3fd","name":"Outdoor Radar Team","image":{"@type":"ImageObject","inLanguage":"de","@id":"https:\/\/secure.gravatar.com\/avatar\/2ee06565b47fedda00096bb2587367e1db4bc8643af18ed89aef49b8092e49bc?s=96&d=mm&r=g","url":"https:\/\/secure.gravatar.com\/avatar\/2ee06565b47fedda00096bb2587367e1db4bc8643af18ed89aef49b8092e49bc?s=96&d=mm&r=g","contentUrl":"https:\/\/secure.gravatar.com\/avatar\/2ee06565b47fedda00096bb2587367e1db4bc8643af18ed89aef49b8092e49bc?s=96&d=mm&r=g","caption":"Outdoor Radar Team"},"url":"https:\/\/freizeitradar.de\/blog\/author\/jnfgg6d\/"}]}},"_links":{"self":[{"href":"https:\/\/freizeitradar.de\/blog\/wp-json\/wp\/v2\/posts\/756","targetHints":{"allow":["GET"]}}],"collection":[{"href":"https:\/\/freizeitradar.de\/blog\/wp-json\/wp\/v2\/posts"}],"about":[{"href":"https:\/\/freizeitradar.de\/blog\/wp-json\/wp\/v2\/types\/post"}],"author":[{"embeddable":true,"href":"https:\/\/freizeitradar.de\/blog\/wp-json\/wp\/v2\/users\/3"}],"replies":[{"embeddable":true,"href":"https:\/\/freizeitradar.de\/blog\/wp-json\/wp\/v2\/comments?post=756"}],"version-history":[{"count":1,"href":"https:\/\/freizeitradar.de\/blog\/wp-json\/wp\/v2\/posts\/756\/revisions"}],"predecessor-version":[{"id":758,"href":"https:\/\/freizeitradar.de\/blog\/wp-json\/wp\/v2\/posts\/756\/revisions\/758"}],"wp:featuredmedia":[{"embeddable":true,"href":"https:\/\/freizeitradar.de\/blog\/wp-json\/wp\/v2\/media\/757"}],"wp:attachment":[{"href":"https:\/\/freizeitradar.de\/blog\/wp-json\/wp\/v2\/media?parent=756"}],"wp:term":[{"taxonomy":"category","embeddable":true,"href":"https:\/\/freizeitradar.de\/blog\/wp-json\/wp\/v2\/categories?post=756"},{"taxonomy":"post_tag","embeddable":true,"href":"https:\/\/freizeitradar.de\/blog\/wp-json\/wp\/v2\/tags?post=756"}],"curies":[{"name":"wp","href":"https:\/\/api.w.org\/{rel}","templated":true}]}}